{"id":2007,"date":"2023-03-24T09:00:00","date_gmt":"2023-03-24T07:00:00","guid":{"rendered":"https:\/\/kcmen.net\/?p=2007"},"modified":"2023-04-25T12:32:54","modified_gmt":"2023-04-25T10:32:54","slug":"equiplast-2023","status":"publish","type":"post","link":"https:\/\/kcmen.net\/en\/equiplast-2023\/","title":{"rendered":"KCM asistir\u00e1 a Equiplast 2023"},"content":{"rendered":"\r\n<p>Nos complace anunciar que KCM asistir\u00e1 a la pr\u00f3xima edici\u00f3n de Equiplast en Barcelona, que se llevar\u00e1 a cabo del 30 de mayo al 2 de junio de este a\u00f1o en el recinto ferial Gran Via de Barcelona.<\/p>\r\n\r\n\r\n<div class=\"wp-block-image\">\r\n<figure class=\"alignleft size-full is-resized\"><img decoding=\"async\" loading=\"lazy\" class=\"wp-image-2008\" src=\"https:\/\/kcmen.net\/wp-content\/uploads\/2023\/02\/firma_exp_quadrat_es.jpg\" alt=\"\" width=\"302\" height=\"302\" srcset=\"https:\/\/kcmen.net\/wp-content\/uploads\/2023\/02\/firma_exp_quadrat_es.jpg 600w, https:\/\/kcmen.net\/wp-content\/uploads\/2023\/02\/firma_exp_quadrat_es-150x150.jpg 150w\" sizes=\"(max-width: 302px) 100vw, 302px\" \/><\/figure><\/div>\r\n\r\n\r\n<p>La feria Equiplast es un evento de renombre internacional dedicado al sector del pl\u00e1stico y del caucho, y KCM ha decidido participar, un a\u00f1o m\u00e1s, para presentar sus \u00faltimos avances y productos innovadores en mezcladores internos y externos, filtradoras, extrusoras y dem\u00e1s equipos. Durante la feria, nuestro equipo estar\u00e1 a su disposici\u00f3n para responder cualquier pregunta y ofrecer informaci\u00f3n detallada sobre nuestra empresa y sus productos.<\/p>\r\n\r\n\r\n\r\n<p>KCM es una empresa l\u00edder en la fabricaci\u00f3n y distribuci\u00f3n de soluciones de pl\u00e1stico y caucho, y estamos ansiosos por mostrar a la industria las \u00faltimas innovaciones que hemos desarrollado. Creemos que Equiplast es el lugar ideal para hacerlo, ya que es uno de los eventos m\u00e1s importantes del sector y atrae a una gran cantidad de profesionales y empresas de todo el mundo.<\/p>\r\n\r\n\r\n\r\n<p>Esperamos poder encontrarnos con ustedes en Equiplast y compartir nuestras \u00faltimas novedades con todos los asistentes.<\/p>\r\n","protected":false},"excerpt":{"rendered":"<p>Nos complace anunciar que KCM asistir\u00e1 a la pr\u00f3xima edici\u00f3n de Equiplast en Barcelona, que&#8230; <a class=\"read-more\" href=\"https:\/\/kcmen.net\/en\/equiplast-2023\/\">leer m\u00e1s<\/a><\/p>\n","protected":false},"author":4,"featured_media":2047,"comment_status":"closed","ping_status":"closed","sticky":false,"template":"","format":"standard","meta":[],"categories":[17],"tags":[],"acf":[],"yoast_head":"<!-- This site is optimized with the Yoast SEO plugin v20.1 - https:\/\/yoast.com\/wordpress\/plugins\/seo\/ -->\n<title>- KCM<\/title>\n<meta name=\"description\" content=\"KCM asistir\u00e1 a la pr\u00f3xima edici\u00f3n de Equiplast en Barcelona, del 14 al 17 de junio de este 2023 en el recinto ferial Gran Via de Barcelona.\" \/>\n<meta name=\"robots\" content=\"index, follow, max-snippet:-1, max-image-preview:large, max-video-preview:-1\" \/>\n<link rel=\"canonical\" href=\"https:\/\/kcmen.net\/en\/equiplast-2023\/\" \/>\n<meta property=\"og:locale\" content=\"en_US\" \/>\n<meta property=\"og:type\" content=\"article\" \/>\n<meta property=\"og:title\" content=\"- KCM\" \/>\n<meta property=\"og:description\" content=\"KCM asistir\u00e1 a la pr\u00f3xima edici\u00f3n de Equiplast en Barcelona, del 14 al 17 de junio de este 2023 en el recinto ferial Gran Via de Barcelona.\" \/>\n<meta property=\"og:url\" content=\"https:\/\/kcmen.net\/en\/equiplast-2023\/\" \/>\n<meta property=\"og:site_name\" content=\"KCM\" \/>\n<meta property=\"article:published_time\" content=\"2023-03-24T07:00:00+00:00\" \/>\n<meta property=\"article:modified_time\" content=\"2023-04-25T10:32:54+00:00\" \/>\n<meta property=\"og:image\" content=\"https:\/\/kcmen.net\/wp-content\/uploads\/2023\/03\/equiplast_feria.png\" \/>\n\t<meta property=\"og:image:width\" content=\"1000\" \/>\n\t<meta property=\"og:image:height\" content=\"321\" \/>\n\t<meta property=\"og:image:type\" content=\"image\/png\" \/>\n<meta name=\"author\" content=\"Kcm user admin\" \/>\n<meta name=\"twitter:card\" content=\"summary_large_image\" \/>\n<meta name=\"twitter:label1\" content=\"Written by\" \/>\n\t<meta name=\"twitter:data1\" content=\"Kcm user admin\" \/>\n\t<meta name=\"twitter:label2\" content=\"Est. reading time\" \/>\n\t<meta name=\"twitter:data2\" content=\"2 minutes\" \/>\n<script type=\"application\/ld+json\" class=\"yoast-schema-graph\">{\"@context\":\"https:\/\/schema.org\",\"@graph\":[{\"@type\":\"WebPage\",\"@id\":\"https:\/\/kcmen.net\/en\/equiplast-2023\/\",\"url\":\"https:\/\/kcmen.net\/en\/equiplast-2023\/\",\"name\":\"- KCM\",\"isPartOf\":{\"@id\":\"https:\/\/kcmen.net\/en\/#website\"},\"datePublished\":\"2023-03-24T07:00:00+00:00\",\"dateModified\":\"2023-04-25T10:32:54+00:00\",\"author\":{\"@id\":\"https:\/\/kcmen.net\/en\/#\/schema\/person\/6298405339fa6a5901a968f481148298\"},\"description\":\"KCM asistir\u00e1 a la pr\u00f3xima edici\u00f3n de Equiplast en Barcelona, del 14 al 17 de junio de este 2023 en el recinto ferial Gran Via de Barcelona.\",\"breadcrumb\":{\"@id\":\"https:\/\/kcmen.net\/en\/equiplast-2023\/#breadcrumb\"},\"inLanguage\":\"en-US\",\"potentialAction\":[{\"@type\":\"ReadAction\",\"target\":[\"https:\/\/kcmen.net\/en\/equiplast-2023\/\"]}]},{\"@type\":\"BreadcrumbList\",\"@id\":\"https:\/\/kcmen.net\/en\/equiplast-2023\/#breadcrumb\",\"itemListElement\":[{\"@type\":\"ListItem\",\"position\":1,\"name\":\"Portada\",\"item\":\"https:\/\/kcmen.net\/en\/\"},{\"@type\":\"ListItem\",\"position\":2,\"name\":\"KCM asistir\u00e1 a Equiplast 2023\"}]},{\"@type\":\"WebSite\",\"@id\":\"https:\/\/kcmen.net\/en\/#website\",\"url\":\"https:\/\/kcmen.net\/en\/\",\"name\":\"KCM\",\"description\":\"Engineering for Elastomers Processing\",\"potentialAction\":[{\"@type\":\"SearchAction\",\"target\":{\"@type\":\"EntryPoint\",\"urlTemplate\":\"https:\/\/kcmen.net\/en\/?s={search_term_string}\"},\"query-input\":\"required name=search_term_string\"}],\"inLanguage\":\"en-US\"},{\"@type\":\"Person\",\"@id\":\"https:\/\/kcmen.net\/en\/#\/schema\/person\/6298405339fa6a5901a968f481148298\",\"name\":\"Kcm user admin\",\"sameAs\":[\"https:\/\/kcmen.net\/\"],\"url\":\"https:\/\/kcmen.net\/en\/author\/kcmadm\/\"}]}<\/script>\n<!-- \/ Yoast SEO plugin. -->","yoast_head_json":{"title":"- KCM","description":"KCM asistir\u00e1 a la pr\u00f3xima edici\u00f3n de Equiplast en Barcelona, del 14 al 17 de junio de este 2023 en el recinto ferial Gran Via de Barcelona.","robots":{"index":"index","follow":"follow","max-snippet":"max-snippet:-1","max-image-preview":"max-image-preview:large","max-video-preview":"max-video-preview:-1"},"canonical":"https:\/\/kcmen.net\/en\/equiplast-2023\/","og_locale":"en_US","og_type":"article","og_title":"- KCM","og_description":"KCM asistir\u00e1 a la pr\u00f3xima edici\u00f3n de Equiplast en Barcelona, del 14 al 17 de junio de este 2023 en el recinto ferial Gran Via de Barcelona.","og_url":"https:\/\/kcmen.net\/en\/equiplast-2023\/","og_site_name":"KCM","article_published_time":"2023-03-24T07:00:00+00:00","article_modified_time":"2023-04-25T10:32:54+00:00","og_image":[{"width":1000,"height":321,"url":"https:\/\/kcmen.net\/wp-content\/uploads\/2023\/03\/equiplast_feria.png","type":"image\/png"}],"author":"Kcm user admin","twitter_card":"summary_large_image","twitter_misc":{"Written by":"Kcm user admin","Est. reading time":"2 minutes"},"schema":{"@context":"https:\/\/schema.org","@graph":[{"@type":"WebPage","@id":"https:\/\/kcmen.net\/en\/equiplast-2023\/","url":"https:\/\/kcmen.net\/en\/equiplast-2023\/","name":"- KCM","isPartOf":{"@id":"https:\/\/kcmen.net\/en\/#website"},"datePublished":"2023-03-24T07:00:00+00:00","dateModified":"2023-04-25T10:32:54+00:00","author":{"@id":"https:\/\/kcmen.net\/en\/#\/schema\/person\/6298405339fa6a5901a968f481148298"},"description":"KCM asistir\u00e1 a la pr\u00f3xima edici\u00f3n de Equiplast en Barcelona, del 14 al 17 de junio de este 2023 en el recinto ferial Gran Via de Barcelona.","breadcrumb":{"@id":"https:\/\/kcmen.net\/en\/equiplast-2023\/#breadcrumb"},"inLanguage":"en-US","potentialAction":[{"@type":"ReadAction","target":["https:\/\/kcmen.net\/en\/equiplast-2023\/"]}]},{"@type":"BreadcrumbList","@id":"https:\/\/kcmen.net\/en\/equiplast-2023\/#breadcrumb","itemListElement":[{"@type":"ListItem","position":1,"name":"Portada","item":"https:\/\/kcmen.net\/en\/"},{"@type":"ListItem","position":2,"name":"KCM asistir\u00e1 a Equiplast 2023"}]},{"@type":"WebSite","@id":"https:\/\/kcmen.net\/en\/#website","url":"https:\/\/kcmen.net\/en\/","name":"KCM","description":"Engineering for Elastomers Processing","potentialAction":[{"@type":"SearchAction","target":{"@type":"EntryPoint","urlTemplate":"https:\/\/kcmen.net\/en\/?s={search_term_string}"},"query-input":"required name=search_term_string"}],"inLanguage":"en-US"},{"@type":"Person","@id":"https:\/\/kcmen.net\/en\/#\/schema\/person\/6298405339fa6a5901a968f481148298","name":"Kcm user admin","sameAs":["https:\/\/kcmen.net\/"],"url":"https:\/\/kcmen.net\/en\/author\/kcmadm\/"}]}},"_links":{"self":[{"href":"https:\/\/kcmen.net\/en\/wp-json\/wp\/v2\/posts\/2007"}],"collection":[{"href":"https:\/\/kcmen.net\/en\/wp-json\/wp\/v2\/posts"}],"about":[{"href":"https:\/\/kcmen.net\/en\/wp-json\/wp\/v2\/types\/post"}],"author":[{"embeddable":true,"href":"https:\/\/kcmen.net\/en\/wp-json\/wp\/v2\/users\/4"}],"replies":[{"embeddable":true,"href":"https:\/\/kcmen.net\/en\/wp-json\/wp\/v2\/comments?post=2007"}],"version-history":[{"count":2,"href":"https:\/\/kcmen.net\/en\/wp-json\/wp\/v2\/posts\/2007\/revisions"}],"predecessor-version":[{"id":2036,"href":"https:\/\/kcmen.net\/en\/wp-json\/wp\/v2\/posts\/2007\/revisions\/2036"}],"wp:featuredmedia":[{"embeddable":true,"href":"https:\/\/kcmen.net\/en\/wp-json\/wp\/v2\/media\/2047"}],"wp:attachment":[{"href":"https:\/\/kcmen.net\/en\/wp-json\/wp\/v2\/media?parent=2007"}],"wp:term":[{"taxonomy":"category","embeddable":true,"href":"https:\/\/kcmen.net\/en\/wp-json\/wp\/v2\/categories?post=2007"},{"taxonomy":"post_tag","embeddable":true,"href":"https:\/\/kcmen.net\/en\/wp-json\/wp\/v2\/tags?post=2007"}],"curies":[{"name":"wp","href":"https:\/\/api.w.org\/{rel}","templated":true}]}}